{"id":9858,"date":"2019-10-03T16:50:55","date_gmt":"2019-10-03T14:50:55","guid":{"rendered":"https:\/\/innoverenergy.com\/?p=9858"},"modified":"2025-11-13T10:28:27","modified_gmt":"2025-11-13T09:28:27","slug":"fira-de-autoconsumo-electrico-de-vic","status":"publish","type":"post","link":"https:\/\/www.innoverenergy.com\/es\/fira-de-autoconsumo-electrico-de-vic\/","title":{"rendered":"Fira de Autoconsumo El\u00e9ctrico de Vic"},"content":{"rendered":"\t\t<div data-elementor-type=\"wp-post\" data-elementor-id=\"9858\" class=\"elementor elementor-9858 elementor-8451\" data-elementor-post-type=\"post\">\n\t\t\t\t<div class=\"elementor-element elementor-element-0303fc4 e-con-full e-flex e-con e-parent\" data-id=\"0303fc4\" data-element_type=\"container\" data-e-type=\"container\" data-settings=\"{&quot;background_background&quot;:&quot;classic&quot;}\">\n\t\t\t\t<div class=\"elementor-element elementor-element-62c7d1d elementor-widget__width-initial elementor-widget elementor-widget-heading\" data-id=\"62c7d1d\" data-element_type=\"widget\" data-e-type=\"widget\" data-widget_type=\"heading.default\">\n\t\t\t\t<div class=\"elementor-widget-container\">\n\t\t\t\t\t<h1 class=\"elementor-heading-title elementor-size-default\">Fira de Autoconsumo El\u00e9ctrico de Vic<\/h1>\t\t\t\t<\/div>\n\t\t\t\t<\/div>\n\t\t\t\t<\/div>\n\t\t<div class=\"elementor-element elementor-element-631751c e-flex e-con-boxed e-con e-parent\" data-id=\"631751c\" data-element_type=\"container\" data-e-type=\"container\">\n\t\t\t\t\t<div class=\"e-con-inner\">\n\t\t<div class=\"elementor-element elementor-element-a89666a e-con-full e-flex e-con e-child\" data-id=\"a89666a\" data-element_type=\"container\" data-e-type=\"container\">\n\t\t\t\t<div class=\"elementor-element elementor-element-0150059 elementor-widget elementor-widget-heading\" data-id=\"0150059\" data-element_type=\"widget\" data-e-type=\"widget\" data-widget_type=\"heading.default\">\n\t\t\t\t<div class=\"elementor-widget-container\">\n\t\t\t\t\t<span class=\"elementor-heading-title elementor-size-default\">octubre 2019<\/span>\t\t\t\t<\/div>\n\t\t\t\t<\/div>\n\t\t\t\t<\/div>\n\t\t\t\t\t<\/div>\n\t\t\t\t<\/div>\n\t\t<div class=\"elementor-element elementor-element-eec72ee e-flex e-con-boxed e-con e-parent\" data-id=\"eec72ee\" data-element_type=\"container\" data-e-type=\"container\">\n\t\t\t\t\t<div class=\"e-con-inner\">\n\t\t<div class=\"elementor-element elementor-element-3addefa e-con-full e-flex e-con e-child\" data-id=\"3addefa\" data-element_type=\"container\" data-e-type=\"container\">\n\t\t\t\t<div class=\"elementor-element elementor-element-454ce52 elementor-widget elementor-widget-heading\" data-id=\"454ce52\" data-element_type=\"widget\" data-e-type=\"widget\" data-widget_type=\"heading.default\">\n\t\t\t\t<div class=\"elementor-widget-container\">\n\t\t\t\t\t<h3 class=\"elementor-heading-title elementor-size-default\">INNOVER estar\u00e1 presente en la Fira d\u2019Autoconsum El\u00e8ctric de Vic los pr\u00f3ximos d\u00edas 17, 18 y 19 de octubre en el Recinte Firal el Sucre.\n<\/h3>\t\t\t\t<\/div>\n\t\t\t\t<\/div>\n\t\t\t\t<div class=\"elementor-element elementor-element-06e4d2f elementor-widget elementor-widget-text-editor\" data-id=\"06e4d2f\" data-element_type=\"widget\" data-e-type=\"widget\" data-widget_type=\"text-editor.default\">\n\t\t\t\t<div class=\"elementor-widget-container\">\n\t\t\t\t\t\t\t\t\t<section class=\"s_text_block pt32 pb32\"><div class=\"container\"><div class=\"row\"><div class=\"pb0 pt8 col-lg-12\"><p><span>La creciente inquietud e inter\u00e9s por promover el aprovechamiento de energ\u00edas renovables, ha impulsado este certamen que pretende reunir a participantes, visitantes y profesionales del autoconsumo el\u00e9ctrico y m\u00e1s concretamente, de la energ\u00eda fotovoltaica.<\/span><\/p><\/div><\/div><\/div><\/section><section class=\"s_text_image pt8 pb32\"><div class=\"container\"><div class=\"row align-items-center\">\u00a0<\/div><\/div><\/section>\t\t\t\t\t\t\t\t<\/div>\n\t\t\t\t<\/div>\n\t\t\t\t<div class=\"elementor-element elementor-element-37fc64e elementor-widget elementor-widget-heading\" data-id=\"37fc64e\" data-element_type=\"widget\" data-e-type=\"widget\" data-widget_type=\"heading.default\">\n\t\t\t\t<div class=\"elementor-widget-container\">\n\t\t\t\t\t<h4 class=\"elementor-heading-title elementor-size-default\">\u00a1Le esperamos!\n<\/h4>\t\t\t\t<\/div>\n\t\t\t\t<\/div>\n\t\t\t\t<div class=\"elementor-element elementor-element-7ef599a elementor-widget elementor-widget-text-editor\" data-id=\"7ef599a\" data-element_type=\"widget\" data-e-type=\"widget\" data-widget_type=\"text-editor.default\">\n\t\t\t\t<div class=\"elementor-widget-container\">\n\t\t\t\t\t\t\t\t\t<p class=\"o_default_snippet_text\"><span style=\"color: #000000;\">Nuestro principal prop\u00f3sito es potenciar el autoconsumo energ\u00e9tico industrial mediante paneles solares fotovoltaicos y dar a conocer los beneficios del autoconsumo el\u00e9ctrico industrial y de los parques solares.\u00a0<\/span><\/p><p><span style=\"color: #000000;\"><b>INNOVER\u00a0<\/b>estar\u00e1 presente en esta Feria con la finalidad de dar informaci\u00f3n y soluciones a cualquier profesional que est\u00e9 interesado en el autoconsumo energ\u00e9tico, que quiera reducir las emisiones de gases contaminantes y ser autosuficiente energ\u00e9ticamente.<\/span><\/p><p><span style=\"color: #000000;\">El acceso para los visitantes a la Feria es gratuito, pero con acreditaci\u00f3n, que puede conseguirse a trav\u00e9s de la web\u00a0<a href=\"http:\/\/www.vicfires.cat\/\" target=\"_blank\" rel=\"noopener\">www.vicfires.cat<\/a>\u00a0o directamente en taquillas.<\/span><\/p><p>\u00a0<\/p><section class=\"s_text_image pt8 pb32\"><div class=\"container\"><div class=\"row align-items-center\"><div class=\"col-lg-6 pt0 pb88\"><p><span style=\"color: #000000;\">El horario de la Feria es de 10:00h a 19:00h.<\/span><\/p><\/div><\/div><\/div><\/section>\t\t\t\t\t\t\t\t<\/div>\n\t\t\t\t<\/div>\n\t\t\t\t<\/div>\n\t\t<div class=\"elementor-element elementor-element-eafd51b e-con-full e-flex e-con e-child\" data-id=\"eafd51b\" data-element_type=\"container\" data-e-type=\"container\">\n\t\t\t\t<div class=\"elementor-element elementor-element-7a4c054 elementor-widget elementor-widget-image\" data-id=\"7a4c054\" data-element_type=\"widget\" data-e-type=\"widget\" data-widget_type=\"image.default\">\n\t\t\t\t<div class=\"elementor-widget-container\">\n\t\t\t\t\t\t\t\t\t\t\t\t\t\t\t<img fetchpriority=\"high\" decoding=\"async\" width=\"800\" height=\"548\" src=\"https:\/\/www.innoverenergy.com\/wp-content\/uploads\/2024\/09\/portada-cataleg.jpg\" class=\"attachment-large size-large wp-image-8456\" alt=\"\" srcset=\"https:\/\/www.innoverenergy.com\/wp-content\/uploads\/2024\/09\/portada-cataleg.jpg 900w, https:\/\/www.innoverenergy.com\/wp-content\/uploads\/2024\/09\/portada-cataleg-300x206.jpg 300w, https:\/\/www.innoverenergy.com\/wp-content\/uploads\/2024\/09\/portada-cataleg-768x527.jpg 768w\" sizes=\"(max-width: 800px) 100vw, 800px\" \/>\t\t\t\t\t\t\t\t\t\t\t\t\t\t\t<\/div>\n\t\t\t\t<\/div>\n\t\t\t\t<\/div>\n\t\t\t\t\t<\/div>\n\t\t\t\t<\/div>\n\t\t<div class=\"elementor-element elementor-element-122451b e-flex e-con-boxed e-con e-parent\" data-id=\"122451b\" data-element_type=\"container\" data-e-type=\"container\">\n\t\t\t\t\t<div class=\"e-con-inner\">\n\t\t\t\t<div class=\"elementor-element elementor-element-663ef6b elementor-widget elementor-widget-image\" data-id=\"663ef6b\" data-element_type=\"widget\" data-e-type=\"widget\" data-widget_type=\"image.default\">\n\t\t\t\t<div class=\"elementor-widget-container\">\n\t\t\t\t\t\t\t\t\t\t\t\t\t\t\t<img decoding=\"async\" width=\"800\" height=\"345\" src=\"https:\/\/www.innoverenergy.com\/wp-content\/uploads\/2024\/09\/VicFires-innover-1024x441.jpg\" class=\"attachment-large size-large wp-image-8453\" alt=\"\" srcset=\"https:\/\/www.innoverenergy.com\/wp-content\/uploads\/2024\/09\/VicFires-innover-1024x441.jpg 1024w, https:\/\/www.innoverenergy.com\/wp-content\/uploads\/2024\/09\/VicFires-innover-300x129.jpg 300w, https:\/\/www.innoverenergy.com\/wp-content\/uploads\/2024\/09\/VicFires-innover-768x331.jpg 768w, https:\/\/www.innoverenergy.com\/wp-content\/uploads\/2024\/09\/VicFires-innover.jpg 1500w\" sizes=\"(max-width: 800px) 100vw, 800px\" \/>\t\t\t\t\t\t\t\t\t\t\t\t\t\t\t<\/div>\n\t\t\t\t<\/div>\n\t\t\t\t\t<\/div>\n\t\t\t\t<\/div>\n\t\t<div class=\"elementor-element elementor-element-ceb13fb e-flex e-con-boxed e-con e-parent\" data-id=\"ceb13fb\" data-element_type=\"container\" data-e-type=\"container\">\n\t\t\t\t\t<div class=\"e-con-inner\">\n\t\t\t\t<div class=\"elementor-element elementor-element-cb7cd9d elementor-widget elementor-widget-html\" data-id=\"cb7cd9d\" data-element_type=\"widget\" data-e-type=\"widget\" data-widget_type=\"html.default\">\n\t\t\t\t<div class=\"elementor-widget-container\">\n\t\t\t\t\t<a href=\"javascript:history.go(-1)\" class=\"boto-tornar\">< VOLVER<\/a>\t\t\t\t<\/div>\n\t\t\t\t<\/div>\n\t\t\t\t<div class=\"elementor-element elementor-element-1c65223 elementor-share-buttons--skin-flat elementor-share-buttons--shape-rounded elementor-share-buttons--color-custom elementor-share-buttons--view-icon-text elementor-grid-0 elementor-widget elementor-widget-share-buttons\" data-id=\"1c65223\" data-element_type=\"widget\" data-e-type=\"widget\" data-widget_type=\"share-buttons.default\">\n\t\t\t\t<div class=\"elementor-widget-container\">\n\t\t\t\t\t\t\t<div class=\"elementor-grid\" role=\"list\">\n\t\t\t\t\t\t\t\t<div class=\"elementor-grid-item\" role=\"listitem\">\n\t\t\t\t\t\t<div class=\"elementor-share-btn elementor-share-btn_x-twitter\" role=\"button\" tabindex=\"0\" aria-label=\"Compartir en x-twitter\">\n\t\t\t\t\t\t\t\t\t\t\t\t\t\t\t<span class=\"elementor-share-btn__icon\">\n\t\t\t\t\t\t\t\t<svg aria-hidden=\"true\" class=\"e-font-icon-svg e-fab-x-twitter\" viewBox=\"0 0 512 512\" xmlns=\"http:\/\/www.w3.org\/2000\/svg\"><path d=\"M389.2 48h70.6L305.6 224.2 487 464H345L233.7 318.6 106.5 464H35.8L200.7 275.5 26.8 48H172.4L272.9 180.9 389.2 48zM364.4 421.8h39.1L151.1 88h-42L364.4 421.8z\"><\/path><\/svg>\t\t\t\t\t\t\t<\/span>\n\t\t\t\t\t\t\t\t\t\t\t\t\t\t\t\t\t\t\t\t<\/div>\n\t\t\t\t\t<\/div>\n\t\t\t\t\t\t\t\t\t<div class=\"elementor-grid-item\" role=\"listitem\">\n\t\t\t\t\t\t<div class=\"elementor-share-btn elementor-share-btn_linkedin\" role=\"button\" tabindex=\"0\" aria-label=\"Compartir en linkedin\">\n\t\t\t\t\t\t\t\t\t\t\t\t\t\t\t<span class=\"elementor-share-btn__icon\">\n\t\t\t\t\t\t\t\t<svg aria-hidden=\"true\" class=\"e-font-icon-svg e-fab-linkedin\" viewBox=\"0 0 448 512\" xmlns=\"http:\/\/www.w3.org\/2000\/svg\"><path d=\"M416 32H31.9C14.3 32 0 46.5 0 64.3v383.4C0 465.5 14.3 480 31.9 480H416c17.6 0 32-14.5 32-32.3V64.3c0-17.8-14.4-32.3-32-32.3zM135.4 416H69V202.2h66.5V416zm-33.2-243c-21.3 0-38.5-17.3-38.5-38.5S80.9 96 102.2 96c21.2 0 38.5 17.3 38.5 38.5 0 21.3-17.2 38.5-38.5 38.5zm282.1 243h-66.4V312c0-24.8-.5-56.7-34.5-56.7-34.6 0-39.9 27-39.9 54.9V416h-66.4V202.2h63.7v29.2h.9c8.9-16.8 30.6-34.5 62.9-34.5 67.2 0 79.7 44.3 79.7 101.9V416z\"><\/path><\/svg>\t\t\t\t\t\t\t<\/span>\n\t\t\t\t\t\t\t\t\t\t\t\t\t\t\t\t\t\t\t\t<\/div>\n\t\t\t\t\t<\/div>\n\t\t\t\t\t\t<\/div>\n\t\t\t\t\t\t<\/div>\n\t\t\t\t<\/div>\n\t\t\t\t\t<\/div>\n\t\t\t\t<\/div>\n\t\t\t\t<\/div>\n\t\t","protected":false},"excerpt":{"rendered":"<p>INNOVER estar\u00e1 presente en la Fira d\u2019Autoconsum El\u00e8ctric de Vic los pr\u00f3ximos d\u00edas 17, 18 y 19 de octubre en el Recinte Firal el Sucre. La creciente inquietud e inter\u00e9s por promover el aprovechamiento de energ\u00edas renovables, ha impulsado este certamen que pretende reunir a participantes, visitantes y profesionales del autoconsumo el\u00e9ctrico y m\u00e1s concretamente, [&hellip;]<\/p>\n","protected":false},"author":1,"featured_media":8453,"comment_status":"closed","ping_status":"open","sticky":false,"template":"","format":"standard","meta":{"_acf_changed":false,"footnotes":""},"categories":[68],"tags":[],"class_list":["post-9858","post","type-post","status-publish","format-standard","has-post-thumbnail","hentry","category-sin-categorizar"],"acf":[],"yoast_head":"<!-- This site is optimized with the Yoast SEO plugin v27.3 - https:\/\/yoast.com\/product\/yoast-seo-wordpress\/ -->\n<title>Fira de Autoconsumo El\u00e9ctrico de Vic<\/title>\n<meta name=\"description\" content=\"En la Feria de Autoconsumo El\u00e9ctrico de Vic se abordaron temas como la inquietud de promover el aprovechamiento de energies renovables...\" \/>\n<meta name=\"robots\" content=\"index, follow, max-snippet:-1, max-image-preview:large, max-video-preview:-1\" \/>\n<link rel=\"canonical\" href=\"https:\/\/www.innoverenergy.com\/es\/fira-de-autoconsumo-electrico-de-vic\/\" \/>\n<meta property=\"og:locale\" content=\"es_ES\" \/>\n<meta property=\"og:type\" content=\"article\" \/>\n<meta property=\"og:title\" content=\"Fira de Autoconsumo El\u00e9ctrico de Vic\" \/>\n<meta property=\"og:description\" content=\"En la Feria de Autoconsumo El\u00e9ctrico de Vic se abordaron temas como la inquietud de promover el aprovechamiento de energies renovables...\" \/>\n<meta property=\"og:url\" content=\"https:\/\/www.innoverenergy.com\/es\/fira-de-autoconsumo-electrico-de-vic\/\" \/>\n<meta property=\"og:site_name\" content=\"Innover Energy\" \/>\n<meta property=\"article:published_time\" content=\"2019-10-03T14:50:55+00:00\" \/>\n<meta property=\"article:modified_time\" content=\"2025-11-13T09:28:27+00:00\" \/>\n<meta property=\"og:image\" content=\"https:\/\/www.innoverenergy.com\/wp-content\/uploads\/2024\/09\/VicFires-innover.jpg\" \/>\n\t<meta property=\"og:image:width\" content=\"1500\" \/>\n\t<meta property=\"og:image:height\" content=\"646\" \/>\n\t<meta property=\"og:image:type\" content=\"image\/jpeg\" \/>\n<meta name=\"author\" content=\"admin-albertfarre\" \/>\n<meta name=\"twitter:card\" content=\"summary_large_image\" \/>\n<meta name=\"twitter:label1\" content=\"Escrito por\" \/>\n\t<meta name=\"twitter:data1\" content=\"admin-albertfarre\" \/>\n\t<meta name=\"twitter:label2\" content=\"Tiempo de lectura\" \/>\n\t<meta name=\"twitter:data2\" content=\"2 minutos\" \/>\n<script type=\"application\/ld+json\" class=\"yoast-schema-graph\">{\"@context\":\"https:\\\/\\\/schema.org\",\"@graph\":[{\"@type\":\"Article\",\"@id\":\"https:\\\/\\\/www.innoverenergy.com\\\/es\\\/fira-de-autoconsumo-electrico-de-vic\\\/#article\",\"isPartOf\":{\"@id\":\"https:\\\/\\\/www.innoverenergy.com\\\/es\\\/fira-de-autoconsumo-electrico-de-vic\\\/\"},\"author\":{\"name\":\"admin-albertfarre\",\"@id\":\"https:\\\/\\\/www.innoverenergy.com\\\/#\\\/schema\\\/person\\\/d268eab7802f7c7fe8a19ee5ac90eb95\"},\"headline\":\"Fira de Autoconsumo El\u00e9ctrico de Vic\",\"datePublished\":\"2019-10-03T14:50:55+00:00\",\"dateModified\":\"2025-11-13T09:28:27+00:00\",\"mainEntityOfPage\":{\"@id\":\"https:\\\/\\\/www.innoverenergy.com\\\/es\\\/fira-de-autoconsumo-electrico-de-vic\\\/\"},\"wordCount\":185,\"publisher\":{\"@id\":\"https:\\\/\\\/www.innoverenergy.com\\\/#organization\"},\"image\":{\"@id\":\"https:\\\/\\\/www.innoverenergy.com\\\/es\\\/fira-de-autoconsumo-electrico-de-vic\\\/#primaryimage\"},\"thumbnailUrl\":\"https:\\\/\\\/www.innoverenergy.com\\\/wp-content\\\/uploads\\\/2024\\\/09\\\/VicFires-innover.jpg\",\"articleSection\":[\"Sin categorizar\"],\"inLanguage\":\"es\"},{\"@type\":\"WebPage\",\"@id\":\"https:\\\/\\\/www.innoverenergy.com\\\/es\\\/fira-de-autoconsumo-electrico-de-vic\\\/\",\"url\":\"https:\\\/\\\/www.innoverenergy.com\\\/es\\\/fira-de-autoconsumo-electrico-de-vic\\\/\",\"name\":\"Fira de Autoconsumo El\u00e9ctrico de Vic\",\"isPartOf\":{\"@id\":\"https:\\\/\\\/www.innoverenergy.com\\\/#website\"},\"primaryImageOfPage\":{\"@id\":\"https:\\\/\\\/www.innoverenergy.com\\\/es\\\/fira-de-autoconsumo-electrico-de-vic\\\/#primaryimage\"},\"image\":{\"@id\":\"https:\\\/\\\/www.innoverenergy.com\\\/es\\\/fira-de-autoconsumo-electrico-de-vic\\\/#primaryimage\"},\"thumbnailUrl\":\"https:\\\/\\\/www.innoverenergy.com\\\/wp-content\\\/uploads\\\/2024\\\/09\\\/VicFires-innover.jpg\",\"datePublished\":\"2019-10-03T14:50:55+00:00\",\"dateModified\":\"2025-11-13T09:28:27+00:00\",\"description\":\"En la Feria de Autoconsumo El\u00e9ctrico de Vic se abordaron temas como la inquietud de promover el aprovechamiento de energies renovables...\",\"breadcrumb\":{\"@id\":\"https:\\\/\\\/www.innoverenergy.com\\\/es\\\/fira-de-autoconsumo-electrico-de-vic\\\/#breadcrumb\"},\"inLanguage\":\"es\",\"potentialAction\":[{\"@type\":\"ReadAction\",\"target\":[\"https:\\\/\\\/www.innoverenergy.com\\\/es\\\/fira-de-autoconsumo-electrico-de-vic\\\/\"]}]},{\"@type\":\"ImageObject\",\"inLanguage\":\"es\",\"@id\":\"https:\\\/\\\/www.innoverenergy.com\\\/es\\\/fira-de-autoconsumo-electrico-de-vic\\\/#primaryimage\",\"url\":\"https:\\\/\\\/www.innoverenergy.com\\\/wp-content\\\/uploads\\\/2024\\\/09\\\/VicFires-innover.jpg\",\"contentUrl\":\"https:\\\/\\\/www.innoverenergy.com\\\/wp-content\\\/uploads\\\/2024\\\/09\\\/VicFires-innover.jpg\",\"width\":1500,\"height\":646},{\"@type\":\"BreadcrumbList\",\"@id\":\"https:\\\/\\\/www.innoverenergy.com\\\/es\\\/fira-de-autoconsumo-electrico-de-vic\\\/#breadcrumb\",\"itemListElement\":[{\"@type\":\"ListItem\",\"position\":1,\"name\":\"Inici\",\"item\":\"https:\\\/\\\/www.innoverenergy.com\\\/\"},{\"@type\":\"ListItem\",\"position\":2,\"name\":\"Fira de Autoconsumo El\u00e9ctrico de Vic\"}]},{\"@type\":\"WebSite\",\"@id\":\"https:\\\/\\\/www.innoverenergy.com\\\/#website\",\"url\":\"https:\\\/\\\/www.innoverenergy.com\\\/\",\"name\":\"Innover Energy\",\"description\":\"Connecta amb la transici\u00f3 energ\u00e8tica\",\"publisher\":{\"@id\":\"https:\\\/\\\/www.innoverenergy.com\\\/#organization\"},\"potentialAction\":[{\"@type\":\"SearchAction\",\"target\":{\"@type\":\"EntryPoint\",\"urlTemplate\":\"https:\\\/\\\/www.innoverenergy.com\\\/?s={search_term_string}\"},\"query-input\":{\"@type\":\"PropertyValueSpecification\",\"valueRequired\":true,\"valueName\":\"search_term_string\"}}],\"inLanguage\":\"es\"},{\"@type\":\"Organization\",\"@id\":\"https:\\\/\\\/www.innoverenergy.com\\\/#organization\",\"name\":\"Innover Energy\",\"url\":\"https:\\\/\\\/www.innoverenergy.com\\\/\",\"logo\":{\"@type\":\"ImageObject\",\"inLanguage\":\"es\",\"@id\":\"https:\\\/\\\/www.innoverenergy.com\\\/#\\\/schema\\\/logo\\\/image\\\/\",\"url\":\"https:\\\/\\\/www.innoverenergy.com\\\/wp-content\\\/uploads\\\/2024\\\/02\\\/logo-innover.svg\",\"contentUrl\":\"https:\\\/\\\/www.innoverenergy.com\\\/wp-content\\\/uploads\\\/2024\\\/02\\\/logo-innover.svg\",\"caption\":\"Innover Energy\"},\"image\":{\"@id\":\"https:\\\/\\\/www.innoverenergy.com\\\/#\\\/schema\\\/logo\\\/image\\\/\"}},{\"@type\":\"Person\",\"@id\":\"https:\\\/\\\/www.innoverenergy.com\\\/#\\\/schema\\\/person\\\/d268eab7802f7c7fe8a19ee5ac90eb95\",\"name\":\"admin-albertfarre\",\"sameAs\":[\"https:\\\/\\\/innoverenergy.com\"],\"url\":\"https:\\\/\\\/www.innoverenergy.com\\\/es\\\/author\\\/admin-albertfarre\\\/\"}]}<\/script>\n<!-- \/ Yoast SEO plugin. -->","yoast_head_json":{"title":"Fira de Autoconsumo El\u00e9ctrico de Vic","description":"En la Feria de Autoconsumo El\u00e9ctrico de Vic se abordaron temas como la inquietud de promover el aprovechamiento de energies renovables...","robots":{"index":"index","follow":"follow","max-snippet":"max-snippet:-1","max-image-preview":"max-image-preview:large","max-video-preview":"max-video-preview:-1"},"canonical":"https:\/\/www.innoverenergy.com\/es\/fira-de-autoconsumo-electrico-de-vic\/","og_locale":"es_ES","og_type":"article","og_title":"Fira de Autoconsumo El\u00e9ctrico de Vic","og_description":"En la Feria de Autoconsumo El\u00e9ctrico de Vic se abordaron temas como la inquietud de promover el aprovechamiento de energies renovables...","og_url":"https:\/\/www.innoverenergy.com\/es\/fira-de-autoconsumo-electrico-de-vic\/","og_site_name":"Innover Energy","article_published_time":"2019-10-03T14:50:55+00:00","article_modified_time":"2025-11-13T09:28:27+00:00","og_image":[{"width":1500,"height":646,"url":"https:\/\/www.innoverenergy.com\/wp-content\/uploads\/2024\/09\/VicFires-innover.jpg","type":"image\/jpeg"}],"author":"admin-albertfarre","twitter_card":"summary_large_image","twitter_misc":{"Escrito por":"admin-albertfarre","Tiempo de lectura":"2 minutos"},"schema":{"@context":"https:\/\/schema.org","@graph":[{"@type":"Article","@id":"https:\/\/www.innoverenergy.com\/es\/fira-de-autoconsumo-electrico-de-vic\/#article","isPartOf":{"@id":"https:\/\/www.innoverenergy.com\/es\/fira-de-autoconsumo-electrico-de-vic\/"},"author":{"name":"admin-albertfarre","@id":"https:\/\/www.innoverenergy.com\/#\/schema\/person\/d268eab7802f7c7fe8a19ee5ac90eb95"},"headline":"Fira de Autoconsumo El\u00e9ctrico de Vic","datePublished":"2019-10-03T14:50:55+00:00","dateModified":"2025-11-13T09:28:27+00:00","mainEntityOfPage":{"@id":"https:\/\/www.innoverenergy.com\/es\/fira-de-autoconsumo-electrico-de-vic\/"},"wordCount":185,"publisher":{"@id":"https:\/\/www.innoverenergy.com\/#organization"},"image":{"@id":"https:\/\/www.innoverenergy.com\/es\/fira-de-autoconsumo-electrico-de-vic\/#primaryimage"},"thumbnailUrl":"https:\/\/www.innoverenergy.com\/wp-content\/uploads\/2024\/09\/VicFires-innover.jpg","articleSection":["Sin categorizar"],"inLanguage":"es"},{"@type":"WebPage","@id":"https:\/\/www.innoverenergy.com\/es\/fira-de-autoconsumo-electrico-de-vic\/","url":"https:\/\/www.innoverenergy.com\/es\/fira-de-autoconsumo-electrico-de-vic\/","name":"Fira de Autoconsumo El\u00e9ctrico de Vic","isPartOf":{"@id":"https:\/\/www.innoverenergy.com\/#website"},"primaryImageOfPage":{"@id":"https:\/\/www.innoverenergy.com\/es\/fira-de-autoconsumo-electrico-de-vic\/#primaryimage"},"image":{"@id":"https:\/\/www.innoverenergy.com\/es\/fira-de-autoconsumo-electrico-de-vic\/#primaryimage"},"thumbnailUrl":"https:\/\/www.innoverenergy.com\/wp-content\/uploads\/2024\/09\/VicFires-innover.jpg","datePublished":"2019-10-03T14:50:55+00:00","dateModified":"2025-11-13T09:28:27+00:00","description":"En la Feria de Autoconsumo El\u00e9ctrico de Vic se abordaron temas como la inquietud de promover el aprovechamiento de energies renovables...","breadcrumb":{"@id":"https:\/\/www.innoverenergy.com\/es\/fira-de-autoconsumo-electrico-de-vic\/#breadcrumb"},"inLanguage":"es","potentialAction":[{"@type":"ReadAction","target":["https:\/\/www.innoverenergy.com\/es\/fira-de-autoconsumo-electrico-de-vic\/"]}]},{"@type":"ImageObject","inLanguage":"es","@id":"https:\/\/www.innoverenergy.com\/es\/fira-de-autoconsumo-electrico-de-vic\/#primaryimage","url":"https:\/\/www.innoverenergy.com\/wp-content\/uploads\/2024\/09\/VicFires-innover.jpg","contentUrl":"https:\/\/www.innoverenergy.com\/wp-content\/uploads\/2024\/09\/VicFires-innover.jpg","width":1500,"height":646},{"@type":"BreadcrumbList","@id":"https:\/\/www.innoverenergy.com\/es\/fira-de-autoconsumo-electrico-de-vic\/#breadcrumb","itemListElement":[{"@type":"ListItem","position":1,"name":"Inici","item":"https:\/\/www.innoverenergy.com\/"},{"@type":"ListItem","position":2,"name":"Fira de Autoconsumo El\u00e9ctrico de Vic"}]},{"@type":"WebSite","@id":"https:\/\/www.innoverenergy.com\/#website","url":"https:\/\/www.innoverenergy.com\/","name":"Innover Energy","description":"Connecta amb la transici\u00f3 energ\u00e8tica","publisher":{"@id":"https:\/\/www.innoverenergy.com\/#organization"},"potentialAction":[{"@type":"SearchAction","target":{"@type":"EntryPoint","urlTemplate":"https:\/\/www.innoverenergy.com\/?s={search_term_string}"},"query-input":{"@type":"PropertyValueSpecification","valueRequired":true,"valueName":"search_term_string"}}],"inLanguage":"es"},{"@type":"Organization","@id":"https:\/\/www.innoverenergy.com\/#organization","name":"Innover Energy","url":"https:\/\/www.innoverenergy.com\/","logo":{"@type":"ImageObject","inLanguage":"es","@id":"https:\/\/www.innoverenergy.com\/#\/schema\/logo\/image\/","url":"https:\/\/www.innoverenergy.com\/wp-content\/uploads\/2024\/02\/logo-innover.svg","contentUrl":"https:\/\/www.innoverenergy.com\/wp-content\/uploads\/2024\/02\/logo-innover.svg","caption":"Innover Energy"},"image":{"@id":"https:\/\/www.innoverenergy.com\/#\/schema\/logo\/image\/"}},{"@type":"Person","@id":"https:\/\/www.innoverenergy.com\/#\/schema\/person\/d268eab7802f7c7fe8a19ee5ac90eb95","name":"admin-albertfarre","sameAs":["https:\/\/innoverenergy.com"],"url":"https:\/\/www.innoverenergy.com\/es\/author\/admin-albertfarre\/"}]}},"_links":{"self":[{"href":"https:\/\/www.innoverenergy.com\/es\/wp-json\/wp\/v2\/posts\/9858","targetHints":{"allow":["GET"]}}],"collection":[{"href":"https:\/\/www.innoverenergy.com\/es\/wp-json\/wp\/v2\/posts"}],"about":[{"href":"https:\/\/www.innoverenergy.com\/es\/wp-json\/wp\/v2\/types\/post"}],"author":[{"embeddable":true,"href":"https:\/\/www.innoverenergy.com\/es\/wp-json\/wp\/v2\/users\/1"}],"replies":[{"embeddable":true,"href":"https:\/\/www.innoverenergy.com\/es\/wp-json\/wp\/v2\/comments?post=9858"}],"version-history":[{"count":4,"href":"https:\/\/www.innoverenergy.com\/es\/wp-json\/wp\/v2\/posts\/9858\/revisions"}],"predecessor-version":[{"id":9862,"href":"https:\/\/www.innoverenergy.com\/es\/wp-json\/wp\/v2\/posts\/9858\/revisions\/9862"}],"wp:featuredmedia":[{"embeddable":true,"href":"https:\/\/www.innoverenergy.com\/es\/wp-json\/wp\/v2\/media\/8453"}],"wp:attachment":[{"href":"https:\/\/www.innoverenergy.com\/es\/wp-json\/wp\/v2\/media?parent=9858"}],"wp:term":[{"taxonomy":"category","embeddable":true,"href":"https:\/\/www.innoverenergy.com\/es\/wp-json\/wp\/v2\/categories?post=9858"},{"taxonomy":"post_tag","embeddable":true,"href":"https:\/\/www.innoverenergy.com\/es\/wp-json\/wp\/v2\/tags?post=9858"}],"curies":[{"name":"wp","href":"https:\/\/api.w.org\/{rel}","templated":true}]}}